{"id":1552,"date":"2026-04-28T15:17:13","date_gmt":"2026-04-28T19:17:13","guid":{"rendered":"https:\/\/zivte.com\/?p=1552"},"modified":"2026-04-28T15:37:23","modified_gmt":"2026-04-28T19:37:23","slug":"a-thoughtful-transition-and-ensured-continuity-in-the-executive-leadership-of-the-energy-transition-valley","status":"publish","type":"post","link":"https:\/\/zivte.com\/en\/a-thoughtful-transition-and-ensured-continuity-in-the-executive-leadership-of-the-energy-transition-valley\/","title":{"rendered":"A thoughtful transition and ensured continuity in the executive leadership of the Energy Transition Valley"},"content":{"rendered":"<section class=\"l-section wpb_row height_auto\"><div class=\"l-section-h i-cf\"><div class=\"g-cols vc_row via_grid cols_1 laptops-cols_inherit tablets-cols_inherit mobiles-cols_1 valign_top type_default stacking_default\"><div class=\"wpb_column vc_column_container\"><div class=\"vc_column-inner\"><div class=\"wpb_text_column\"><div class=\"wpb_wrapper\"><p><b><i>Trois-Rivi\u00e8res, April 28, 2026, PRESS RELEASE &#8211; <\/i>A thoughtful transition and ensured continuity in the executive leadership of the Energy Transition Valley.<\/b><\/p>\n<p>After four years as Executive Director of the Energy Transition Valley (VTE), Mr. Alain Lemieux will step down from his position on May 29 to pursue a career in the private sector, where he will focus on supporting companies, startups, innovators, and investors working in energy transition and innovation. This decision is part of a planned process aimed at ensuring a structured transition to new leadership, in line with the VTE\u2019s mission, DNA, and ambitions.<\/p>\n<p><b>A transformative track record and solid foundations<\/b><\/p>\n<p>Since its recognition as a Quebec Innovation Zone, the VTE has undergone a pivotal phase of structuring, mobilization, and maturation. Under the leadership of Alain Lemieux, the VTE has established solid organizational foundations based on good governance, a qualified and committed team capable of supporting a growing organization, a clear scientific program, and a unified and complementary ecosystem involving the founding cities of B\u00e9cancour, Shawinigan, and Trois-Rivi\u00e8res, numerous academic and research partners, as well as industrial, institutional, and financial stakeholders.<\/p>\n<p><b>A clear path forward: Infrastructure, Industrialization, and Impact<\/b><\/p>\n<p>The phase ahead will be decidedly challenging and decisive for the future of the VTE. The coming years will see the concrete implementation of major projects stemming from the planning work carried out, which will accelerate research and innovation, scaling up, and industrialization within a commercialization-oriented ecosystem.<\/p>\n<p><b>A confident transition, building on continuity<\/b><\/p>\n<p>Alain Lemieux will remain in his position until May 29. He is committed to providing all necessary support to ensure a smooth, efficient transition that respects the teams and partners. This transition marks a natural evolution. He will now focus his efforts on directly supporting private projects to help entrepreneurs and investors navigate the critical transition to the market.<\/p>\n<p>\u201c<em>I am proud to have contributed to the success of the VTE, which today rests on strong foundations, evolving governance, a competent team, and a clear vision for the coming years. It is now entering a phase where infrastructure, industrialization, and the creation of concrete economic value will take center stage. The foundations are in place, the ambitions are clear, and the future holds great promise for Quebec. As I continue my journey as an innovative entrepreneur and investor, I will contribute to projects that enable risk reduction, scaling up, and market valuation. I will remain an ally of the VTE and deeply committed to its collective success,<\/em>\u201d concludes Alain Lemieux.<\/p>\n<p>The Board of Directors wishes to highlight Alain Lemieux\u2019s major contribution to the establishment of the Energy Transition Valley and expresses full confidence in the future.<\/p>\n<p>\u201c<em>The VTE relies on a clear vision and strong collective momentum to continue its development and amplify its economic, industrial, and environmental impacts for the benefit of Quebec. The members of the Board of Directors join me in thanking Mr. Lemieux for his contribution to the VTE,<\/em>\u201d said Pierre Ducharme, Chairman of the Board of Directors.<\/p>\n<p>&nbsp;<\/p>\n<p>About the Energy Transition ValleyThe Energy Transition Valley (VTE) is a Quebec Innovation Zone dedicated to energy sovereignty and the energy transition. It brings together a unique ecosystem linking research, innovation, industrialization, and commercialization around three complementary hubs: B\u00e9cancour, Shawinigan, and Trois-Rivi\u00e8res.<\/p>\n<p>&nbsp;<\/p>\n<p><strong>Source and information<\/strong><\/p>\n<p><em>Pierre Ducharme, Chairman of the Board of Directors<\/em><\/p>\n<p>pducharme@zivte.com<\/p>\n<\/div><\/div><\/div><\/div><\/div><\/div><\/section>\n","protected":false},"excerpt":{"rendered":"Trois-Rivi\u00e8res, April 28, 2026, PRESS RELEASE &#8211; A thoughtful transition and ensured continuity in the executive leadership of the Energy Transition Valley. After four years as Executive Director of the Energy Transition Valley (VTE), Mr. Alain Lemieux will step down from his position on May 29 to pursue a career in the private sector, where...","protected":false},"author":2,"featured_media":972,"comment_status":"closed","ping_status":"closed","sticky":false,"template":"","format":"standard","meta":{"_acf_changed":false,"footnotes":""},"categories":[1],"tags":[],"class_list":["post-1552","post","type-post","status-publish","format-standard","has-post-thumbnail","hentry","category-non-classifiee"],"acf":[],"yoast_head":"<!-- This site is optimized with the Yoast SEO plugin v27.5 - https:\/\/yoast.com\/product\/yoast-seo-wordpress\/ -->\n<title>A thoughtful transition and ensured continuity in the executive leadership of the Energy Transition Valley - Vall\u00e9e de la transition \u00e9nerg\u00e9tique<\/title>\n<meta name=\"robots\" content=\"index, follow, max-snippet:-1, max-image-preview:large, max-video-preview:-1\" \/>\n<link rel=\"canonical\" href=\"https:\/\/zivte.com\/en\/a-thoughtful-transition-and-ensured-continuity-in-the-executive-leadership-of-the-energy-transition-valley\/\" \/>\n<meta property=\"og:locale\" content=\"en_US\" \/>\n<meta property=\"og:type\" content=\"article\" \/>\n<meta property=\"og:title\" content=\"A thoughtful transition and ensured continuity in the executive leadership of the Energy Transition Valley - Vall\u00e9e de la transition \u00e9nerg\u00e9tique\" \/>\n<meta property=\"og:url\" content=\"https:\/\/zivte.com\/en\/a-thoughtful-transition-and-ensured-continuity-in-the-executive-leadership-of-the-energy-transition-valley\/\" \/>\n<meta property=\"og:site_name\" content=\"Vall\u00e9e de la transition \u00e9nerg\u00e9tique\" \/>\n<meta property=\"article:published_time\" content=\"2026-04-28T19:17:13+00:00\" \/>\n<meta property=\"article:modified_time\" content=\"2026-04-28T19:37:23+00:00\" \/>\n<meta property=\"og:image\" content=\"https:\/\/zivte.com\/assets\/2024\/11\/andreas-kind-SwLPmCYo-QM-unsplash_rt-1024x767.png\" \/>\n\t<meta property=\"og:image:width\" content=\"1024\" \/>\n\t<meta property=\"og:image:height\" content=\"767\" \/>\n\t<meta property=\"og:image:type\" content=\"image\/png\" \/>\n<meta name=\"author\" content=\"Alexia Selin\" \/>\n<meta name=\"twitter:card\" content=\"summary_large_image\" \/>\n<meta name=\"twitter:label1\" content=\"Written by\" \/>\n\t<meta name=\"twitter:data1\" content=\"Alexia Selin\" \/>\n\t<meta name=\"twitter:label2\" content=\"Est. reading time\" \/>\n\t<meta name=\"twitter:data2\" content=\"4 minutes\" \/>\n<script type=\"application\/ld+json\" class=\"yoast-schema-graph\">{\"@context\":\"https:\\\/\\\/schema.org\",\"@graph\":[{\"@type\":\"Article\",\"@id\":\"https:\\\/\\\/zivte.com\\\/en\\\/a-thoughtful-transition-and-ensured-continuity-in-the-executive-leadership-of-the-energy-transition-valley\\\/#article\",\"isPartOf\":{\"@id\":\"https:\\\/\\\/zivte.com\\\/en\\\/a-thoughtful-transition-and-ensured-continuity-in-the-executive-leadership-of-the-energy-transition-valley\\\/\"},\"author\":{\"name\":\"Alexia Selin\",\"@id\":\"https:\\\/\\\/zivte.com\\\/en\\\/#\\\/schema\\\/person\\\/15838e093410f7c2ec34efbea44f449c\"},\"headline\":\"A thoughtful transition and ensured continuity in the executive leadership of the Energy Transition Valley\",\"datePublished\":\"2026-04-28T19:17:13+00:00\",\"dateModified\":\"2026-04-28T19:37:23+00:00\",\"mainEntityOfPage\":{\"@id\":\"https:\\\/\\\/zivte.com\\\/en\\\/a-thoughtful-transition-and-ensured-continuity-in-the-executive-leadership-of-the-energy-transition-valley\\\/\"},\"wordCount\":587,\"image\":{\"@id\":\"https:\\\/\\\/zivte.com\\\/en\\\/a-thoughtful-transition-and-ensured-continuity-in-the-executive-leadership-of-the-energy-transition-valley\\\/#primaryimage\"},\"thumbnailUrl\":\"https:\\\/\\\/zivte.com\\\/wp-content\\\/uploads\\\/2024\\\/11\\\/andreas-kind-SwLPmCYo-QM-unsplash_rt.png\",\"articleSection\":[\"Non classifi\u00e9(e)\"],\"inLanguage\":\"en-US\"},{\"@type\":\"WebPage\",\"@id\":\"https:\\\/\\\/zivte.com\\\/en\\\/a-thoughtful-transition-and-ensured-continuity-in-the-executive-leadership-of-the-energy-transition-valley\\\/\",\"url\":\"https:\\\/\\\/zivte.com\\\/en\\\/a-thoughtful-transition-and-ensured-continuity-in-the-executive-leadership-of-the-energy-transition-valley\\\/\",\"name\":\"A thoughtful transition and ensured continuity in the executive leadership of the Energy Transition Valley - Vall\u00e9e de la transition \u00e9nerg\u00e9tique\",\"isPartOf\":{\"@id\":\"https:\\\/\\\/zivte.com\\\/en\\\/#website\"},\"primaryImageOfPage\":{\"@id\":\"https:\\\/\\\/zivte.com\\\/en\\\/a-thoughtful-transition-and-ensured-continuity-in-the-executive-leadership-of-the-energy-transition-valley\\\/#primaryimage\"},\"image\":{\"@id\":\"https:\\\/\\\/zivte.com\\\/en\\\/a-thoughtful-transition-and-ensured-continuity-in-the-executive-leadership-of-the-energy-transition-valley\\\/#primaryimage\"},\"thumbnailUrl\":\"https:\\\/\\\/zivte.com\\\/wp-content\\\/uploads\\\/2024\\\/11\\\/andreas-kind-SwLPmCYo-QM-unsplash_rt.png\",\"datePublished\":\"2026-04-28T19:17:13+00:00\",\"dateModified\":\"2026-04-28T19:37:23+00:00\",\"author\":{\"@id\":\"https:\\\/\\\/zivte.com\\\/en\\\/#\\\/schema\\\/person\\\/15838e093410f7c2ec34efbea44f449c\"},\"breadcrumb\":{\"@id\":\"https:\\\/\\\/zivte.com\\\/en\\\/a-thoughtful-transition-and-ensured-continuity-in-the-executive-leadership-of-the-energy-transition-valley\\\/#breadcrumb\"},\"inLanguage\":\"en-US\",\"potentialAction\":[{\"@type\":\"ReadAction\",\"target\":[\"https:\\\/\\\/zivte.com\\\/en\\\/a-thoughtful-transition-and-ensured-continuity-in-the-executive-leadership-of-the-energy-transition-valley\\\/\"]}]},{\"@type\":\"ImageObject\",\"inLanguage\":\"en-US\",\"@id\":\"https:\\\/\\\/zivte.com\\\/en\\\/a-thoughtful-transition-and-ensured-continuity-in-the-executive-leadership-of-the-energy-transition-valley\\\/#primaryimage\",\"url\":\"https:\\\/\\\/zivte.com\\\/wp-content\\\/uploads\\\/2024\\\/11\\\/andreas-kind-SwLPmCYo-QM-unsplash_rt.png\",\"contentUrl\":\"https:\\\/\\\/zivte.com\\\/wp-content\\\/uploads\\\/2024\\\/11\\\/andreas-kind-SwLPmCYo-QM-unsplash_rt.png\",\"width\":1920,\"height\":1439},{\"@type\":\"BreadcrumbList\",\"@id\":\"https:\\\/\\\/zivte.com\\\/en\\\/a-thoughtful-transition-and-ensured-continuity-in-the-executive-leadership-of-the-energy-transition-valley\\\/#breadcrumb\",\"itemListElement\":[{\"@type\":\"ListItem\",\"position\":1,\"name\":\"Accueil\",\"item\":\"https:\\\/\\\/zivte.com\\\/en\\\/\"},{\"@type\":\"ListItem\",\"position\":2,\"name\":\"A thoughtful transition and ensured continuity in the executive leadership of the Energy Transition Valley\"}]},{\"@type\":\"WebSite\",\"@id\":\"https:\\\/\\\/zivte.com\\\/en\\\/#website\",\"url\":\"https:\\\/\\\/zivte.com\\\/en\\\/\",\"name\":\"Vall\u00e9e de la transition \u00e9nerg\u00e9tique\",\"description\":\"Un \u00e9cosyst\u00e8me entrepreneurial et collaboratif entre les entreprises, les organisations et le monde du savoir.\",\"potentialAction\":[{\"@type\":\"SearchAction\",\"target\":{\"@type\":\"EntryPoint\",\"urlTemplate\":\"https:\\\/\\\/zivte.com\\\/en\\\/?s={search_term_string}\"},\"query-input\":{\"@type\":\"PropertyValueSpecification\",\"valueRequired\":true,\"valueName\":\"search_term_string\"}}],\"inLanguage\":\"en-US\"},{\"@type\":\"Person\",\"@id\":\"https:\\\/\\\/zivte.com\\\/en\\\/#\\\/schema\\\/person\\\/15838e093410f7c2ec34efbea44f449c\",\"name\":\"Alexia Selin\",\"image\":{\"@type\":\"ImageObject\",\"inLanguage\":\"en-US\",\"@id\":\"https:\\\/\\\/secure.gravatar.com\\\/avatar\\\/76be98f0298aa9cf4fb032284866737758ef24966cc28d07c266cd4fba71003e?s=96&d=mm&r=g\",\"url\":\"https:\\\/\\\/secure.gravatar.com\\\/avatar\\\/76be98f0298aa9cf4fb032284866737758ef24966cc28d07c266cd4fba71003e?s=96&d=mm&r=g\",\"contentUrl\":\"https:\\\/\\\/secure.gravatar.com\\\/avatar\\\/76be98f0298aa9cf4fb032284866737758ef24966cc28d07c266cd4fba71003e?s=96&d=mm&r=g\",\"caption\":\"Alexia Selin\"},\"sameAs\":[\"https:\\\/\\\/zivte.com\"],\"url\":\"https:\\\/\\\/zivte.com\\\/en\\\/author\\\/alexiavte\\\/\"}]}<\/script>\n<!-- \/ Yoast SEO plugin. -->","yoast_head_json":{"title":"A thoughtful transition and ensured continuity in the executive leadership of the Energy Transition Valley - Vall\u00e9e de la transition \u00e9nerg\u00e9tique","robots":{"index":"index","follow":"follow","max-snippet":"max-snippet:-1","max-image-preview":"max-image-preview:large","max-video-preview":"max-video-preview:-1"},"canonical":"https:\/\/zivte.com\/en\/a-thoughtful-transition-and-ensured-continuity-in-the-executive-leadership-of-the-energy-transition-valley\/","og_locale":"en_US","og_type":"article","og_title":"A thoughtful transition and ensured continuity in the executive leadership of the Energy Transition Valley - Vall\u00e9e de la transition \u00e9nerg\u00e9tique","og_url":"https:\/\/zivte.com\/en\/a-thoughtful-transition-and-ensured-continuity-in-the-executive-leadership-of-the-energy-transition-valley\/","og_site_name":"Vall\u00e9e de la transition \u00e9nerg\u00e9tique","article_published_time":"2026-04-28T19:17:13+00:00","article_modified_time":"2026-04-28T19:37:23+00:00","og_image":[{"width":1024,"height":767,"url":"https:\/\/zivte.com\/assets\/2024\/11\/andreas-kind-SwLPmCYo-QM-unsplash_rt-1024x767.png","type":"image\/png"}],"author":"Alexia Selin","twitter_card":"summary_large_image","twitter_misc":{"Written by":"Alexia Selin","Est. reading time":"4 minutes"},"schema":{"@context":"https:\/\/schema.org","@graph":[{"@type":"Article","@id":"https:\/\/zivte.com\/en\/a-thoughtful-transition-and-ensured-continuity-in-the-executive-leadership-of-the-energy-transition-valley\/#article","isPartOf":{"@id":"https:\/\/zivte.com\/en\/a-thoughtful-transition-and-ensured-continuity-in-the-executive-leadership-of-the-energy-transition-valley\/"},"author":{"name":"Alexia Selin","@id":"https:\/\/zivte.com\/en\/#\/schema\/person\/15838e093410f7c2ec34efbea44f449c"},"headline":"A thoughtful transition and ensured continuity in the executive leadership of the Energy Transition Valley","datePublished":"2026-04-28T19:17:13+00:00","dateModified":"2026-04-28T19:37:23+00:00","mainEntityOfPage":{"@id":"https:\/\/zivte.com\/en\/a-thoughtful-transition-and-ensured-continuity-in-the-executive-leadership-of-the-energy-transition-valley\/"},"wordCount":587,"image":{"@id":"https:\/\/zivte.com\/en\/a-thoughtful-transition-and-ensured-continuity-in-the-executive-leadership-of-the-energy-transition-valley\/#primaryimage"},"thumbnailUrl":"https:\/\/zivte.com\/assets\/2024\/11\/andreas-kind-SwLPmCYo-QM-unsplash_rt.png","articleSection":["Non classifi\u00e9(e)"],"inLanguage":"en-US"},{"@type":"WebPage","@id":"https:\/\/zivte.com\/en\/a-thoughtful-transition-and-ensured-continuity-in-the-executive-leadership-of-the-energy-transition-valley\/","url":"https:\/\/zivte.com\/en\/a-thoughtful-transition-and-ensured-continuity-in-the-executive-leadership-of-the-energy-transition-valley\/","name":"A thoughtful transition and ensured continuity in the executive leadership of the Energy Transition Valley - Vall\u00e9e de la transition \u00e9nerg\u00e9tique","isPartOf":{"@id":"https:\/\/zivte.com\/en\/#website"},"primaryImageOfPage":{"@id":"https:\/\/zivte.com\/en\/a-thoughtful-transition-and-ensured-continuity-in-the-executive-leadership-of-the-energy-transition-valley\/#primaryimage"},"image":{"@id":"https:\/\/zivte.com\/en\/a-thoughtful-transition-and-ensured-continuity-in-the-executive-leadership-of-the-energy-transition-valley\/#primaryimage"},"thumbnailUrl":"https:\/\/zivte.com\/assets\/2024\/11\/andreas-kind-SwLPmCYo-QM-unsplash_rt.png","datePublished":"2026-04-28T19:17:13+00:00","dateModified":"2026-04-28T19:37:23+00:00","author":{"@id":"https:\/\/zivte.com\/en\/#\/schema\/person\/15838e093410f7c2ec34efbea44f449c"},"breadcrumb":{"@id":"https:\/\/zivte.com\/en\/a-thoughtful-transition-and-ensured-continuity-in-the-executive-leadership-of-the-energy-transition-valley\/#breadcrumb"},"inLanguage":"en-US","potentialAction":[{"@type":"ReadAction","target":["https:\/\/zivte.com\/en\/a-thoughtful-transition-and-ensured-continuity-in-the-executive-leadership-of-the-energy-transition-valley\/"]}]},{"@type":"ImageObject","inLanguage":"en-US","@id":"https:\/\/zivte.com\/en\/a-thoughtful-transition-and-ensured-continuity-in-the-executive-leadership-of-the-energy-transition-valley\/#primaryimage","url":"https:\/\/zivte.com\/assets\/2024\/11\/andreas-kind-SwLPmCYo-QM-unsplash_rt.png","contentUrl":"https:\/\/zivte.com\/assets\/2024\/11\/andreas-kind-SwLPmCYo-QM-unsplash_rt.png","width":1920,"height":1439},{"@type":"BreadcrumbList","@id":"https:\/\/zivte.com\/en\/a-thoughtful-transition-and-ensured-continuity-in-the-executive-leadership-of-the-energy-transition-valley\/#breadcrumb","itemListElement":[{"@type":"ListItem","position":1,"name":"Accueil","item":"https:\/\/zivte.com\/en\/"},{"@type":"ListItem","position":2,"name":"A thoughtful transition and ensured continuity in the executive leadership of the Energy Transition Valley"}]},{"@type":"WebSite","@id":"https:\/\/zivte.com\/en\/#website","url":"https:\/\/zivte.com\/en\/","name":"Vall\u00e9e de la transition \u00e9nerg\u00e9tique","description":"Un \u00e9cosyst\u00e8me entrepreneurial et collaboratif entre les entreprises, les organisations et le monde du savoir.","potentialAction":[{"@type":"SearchAction","target":{"@type":"EntryPoint","urlTemplate":"https:\/\/zivte.com\/en\/?s={search_term_string}"},"query-input":{"@type":"PropertyValueSpecification","valueRequired":true,"valueName":"search_term_string"}}],"inLanguage":"en-US"},{"@type":"Person","@id":"https:\/\/zivte.com\/en\/#\/schema\/person\/15838e093410f7c2ec34efbea44f449c","name":"Alexia Selin","image":{"@type":"ImageObject","inLanguage":"en-US","@id":"https:\/\/secure.gravatar.com\/avatar\/76be98f0298aa9cf4fb032284866737758ef24966cc28d07c266cd4fba71003e?s=96&d=mm&r=g","url":"https:\/\/secure.gravatar.com\/avatar\/76be98f0298aa9cf4fb032284866737758ef24966cc28d07c266cd4fba71003e?s=96&d=mm&r=g","contentUrl":"https:\/\/secure.gravatar.com\/avatar\/76be98f0298aa9cf4fb032284866737758ef24966cc28d07c266cd4fba71003e?s=96&d=mm&r=g","caption":"Alexia Selin"},"sameAs":["https:\/\/zivte.com"],"url":"https:\/\/zivte.com\/en\/author\/alexiavte\/"}]}},"_links":{"self":[{"href":"https:\/\/zivte.com\/en\/wp-json\/wp\/v2\/posts\/1552","targetHints":{"allow":["GET"]}}],"collection":[{"href":"https:\/\/zivte.com\/en\/wp-json\/wp\/v2\/posts"}],"about":[{"href":"https:\/\/zivte.com\/en\/wp-json\/wp\/v2\/types\/post"}],"author":[{"embeddable":true,"href":"https:\/\/zivte.com\/en\/wp-json\/wp\/v2\/users\/2"}],"replies":[{"embeddable":true,"href":"https:\/\/zivte.com\/en\/wp-json\/wp\/v2\/comments?post=1552"}],"version-history":[{"count":0,"href":"https:\/\/zivte.com\/en\/wp-json\/wp\/v2\/posts\/1552\/revisions"}],"wp:featuredmedia":[{"embeddable":true,"href":"https:\/\/zivte.com\/en\/wp-json\/wp\/v2\/media\/972"}],"wp:attachment":[{"href":"https:\/\/zivte.com\/en\/wp-json\/wp\/v2\/media?parent=1552"}],"wp:term":[{"taxonomy":"category","embeddable":true,"href":"https:\/\/zivte.com\/en\/wp-json\/wp\/v2\/categories?post=1552"},{"taxonomy":"post_tag","embeddable":true,"href":"https:\/\/zivte.com\/en\/wp-json\/wp\/v2\/tags?post=1552"}],"curies":[{"name":"wp","href":"https:\/\/api.w.org\/{rel}","templated":true}]}}